{"id":2962,"date":"2021-09-16T07:50:40","date_gmt":"2021-09-16T07:50:40","guid":{"rendered":"https:\/\/www.hamelawp.demothemesflat.com\/?p=2962"},"modified":"2024-08-17T15:44:39","modified_gmt":"2024-08-17T13:44:39","slug":"understanding-marketing","status":"publish","type":"post","link":"https:\/\/dotcommus.cd\/www\/archives\/2962","title":{"rendered":"un centre de donn\u00e9es"},"content":{"rendered":"\t\t<div data-elementor-type=\"wp-post\" data-elementor-id=\"2962\" class=\"elementor elementor-2962\">\n\t\t\t\t\t\t<section class=\"elementor-section elementor-top-section elementor-element elementor-element-6aef0bcc elementor-section-boxed elementor-section-height-default elementor-section-height-default tf-sticky-no tf-sticky-scroll-down-yes\" data-id=\"6aef0bcc\" data-element_type=\"section\" data-e-type=\"section\" data-settings=\"{&quot;tf_sticky&quot;:&quot;no&quot;,&quot;tf_sticky_scroll_down&quot;:&quot;yes&quot;}\">\n\t\t\t\t\t\t<div class=\"elementor-container elementor-column-gap-extended\">\n\t\t\t\t\t<div class=\"elementor-column elementor-col-100 elementor-top-column elementor-element elementor-element-7b70a01e\" data-id=\"7b70a01e\" data-element_type=\"column\" data-e-type=\"column\">\n\t\t\t<div class=\"elementor-widget-wrap elementor-element-populated\">\n\t\t\t\t\t\t<div class=\"elementor-element elementor-element-5d34ffaa elementor-widget elementor-widget-text-editor\" data-id=\"5d34ffaa\" data-element_type=\"widget\" data-e-type=\"widget\" data-widget_type=\"text-editor.default\">\n\t\t\t\t<div class=\"elementor-widget-container\">\n\t\t\t\t\t\t\t\t\t<h3 class=\"entry-title\">ETIAM ET CONGUE DUI, EGET SUSCIPIT.<\/h3>\t\t\t\t\t\t\t\t<\/div>\n\t\t\t\t<\/div>\n\t\t\t\t<div class=\"elementor-element elementor-element-73cdad7 block-quote elementor-widget elementor-widget-text-editor\" data-id=\"73cdad7\" data-element_type=\"widget\" data-e-type=\"widget\" data-widget_type=\"text-editor.default\">\n\t\t\t\t<div class=\"elementor-widget-container\">\n\t\t\t\t\t\t\t\t\t<p><strong>La R\u00e9publique du Congo sera bient\u00f4t dot\u00e9e d\u2019un centre national de donn\u00e9es ultramoderne, financ\u00e9 par la Banque africaine de d\u00e9veloppement, pour stocker et traiter ses informations num\u00e9riques, consolidant ainsi sa souverainet\u00e9 dans ce secteur.<\/strong><\/p>\t\t\t\t\t\t\t\t<\/div>\n\t\t\t\t<\/div>\n\t\t\t\t<div class=\"elementor-element elementor-element-7fe92bc elementor-widget elementor-widget-text-editor\" data-id=\"7fe92bc\" data-element_type=\"widget\" data-e-type=\"widget\" data-widget_type=\"text-editor.default\">\n\t\t\t\t<div class=\"elementor-widget-container\">\n\t\t\t\t\t\t\t\t\t<p>Dans le quartier Bacongo de Brazzaville, un imposant b\u00e2timent de trois \u00e9tages est en construction. Il devrait permettre au Congo de devenir \u00ab\u00a0<em>bient\u00f4t le seul pays d\u2019Afrique centrale \u00e0 disposer de son propre centre de donn\u00e9es<\/em>\u00a0\u00bb selon Michel Ngakala, coordinateur du projet Central Africa Fibre-Optic Backbone.<\/p><p>Ce projet, cofinanc\u00e9 par la Bad \u00e0 hauteur de 52,47 millions d\u2019euros sur un total de 66,55 millions d\u2019euros, permettra notamment la pose de 600 km de c\u00e2ble \u00e0 fibre optique reliant le Congo au Cameroun et \u00e0 la R\u00e9publique centrafricaine.<\/p><p>\u00ab\u00a0<em>Dans le cadre de la composante Congo du projet de fibre optique en Afrique centrale, nous avons re\u00e7u un financement de la Banque africaine de d\u00e9veloppement pour construire un centre de donn\u00e9es. Nous construisons actuellement un b\u00e2timent de trois \u00e9tages pouvant \u00eatre agrandi pour inclure un sous-sol<\/em>\u00a0\u00bb, pr\u00e9cise un communiqu\u00e9 de la Bad distribu\u00e9 par APO Group.<\/p><p><strong>Souverainet\u00e9 et s\u00e9curit\u00e9 num\u00e9rique renforc\u00e9es<\/strong><\/p><p>\u00ab\u00a0<em>Toutes les donn\u00e9es produites au Congo doivent \u00eatre stock\u00e9es quelque part. Pour l\u2019instant, ces donn\u00e9es sont stock\u00e9es \u00e0 l\u2019\u00e9tranger [\u2026] D\u00e9sormais, nous pourrons h\u00e9berger dans le centre de donn\u00e9es toutes les donn\u00e9es publiques, ainsi que celles des op\u00e9rateurs de t\u00e9l\u00e9communications, des banques, des compagnies d\u2019assurance et d\u2019autres entreprises priv\u00e9es<\/em>\u00a0\u00bb, a expliqu\u00e9 M. Ngakala, cit\u00e9 par la note.<\/p><p>A l\u2019en croire, ce projet consolidera la souverainet\u00e9 num\u00e9rique du pays, car nous ne pouvons pas pr\u00e9tendre \u00e0 la souverainet\u00e9 lorsque nos donn\u00e9es, m\u00eame les plus sensibles, sont stock\u00e9es hors de notre territoire, dans des pays \u00e9trangers, avec de r\u00e9els risques d\u2019abus, de violation ou de fuites massives.<\/p>\t\t\t\t\t\t\t\t<\/div>\n\t\t\t\t<\/div>\n\t\t\t\t<div class=\"elementor-element elementor-element-e6fc425 elementor-widget elementor-widget-spacer\" data-id=\"e6fc425\" data-element_type=\"widget\" data-e-type=\"widget\" data-widget_type=\"spacer.default\">\n\t\t\t\t<div class=\"elementor-widget-container\">\n\t\t\t\t\t\t\t<div class=\"elementor-spacer\">\n\t\t\t<div class=\"elementor-spacer-inner\"><\/div>\n\t\t<\/div>\n\t\t\t\t\t\t<\/div>\n\t\t\t\t<\/div>\n\t\t\t\t\t<\/div>\n\t\t<\/div>\n\t\t\t\t\t<\/div>\n\t\t<\/section>\n\t\t\t\t<section class=\"elementor-section elementor-top-section elementor-element elementor-element-49fe237 elementor-section-boxed elementor-section-height-default elementor-section-height-default tf-sticky-no tf-sticky-scroll-down-yes\" data-id=\"49fe237\" data-element_type=\"section\" data-e-type=\"section\" data-settings=\"{&quot;tf_sticky&quot;:&quot;no&quot;,&quot;tf_sticky_scroll_down&quot;:&quot;yes&quot;}\">\n\t\t\t\t\t\t<div class=\"elementor-container elementor-column-gap-default\">\n\t\t\t\t\t<div class=\"elementor-column elementor-col-100 elementor-top-column elementor-element elementor-element-c0995db\" data-id=\"c0995db\" data-element_type=\"column\" data-e-type=\"column\">\n\t\t\t<div class=\"elementor-widget-wrap\">\n\t\t\t\t\t\t\t<\/div>\n\t\t<\/div>\n\t\t\t\t\t<\/div>\n\t\t<\/section>\n\t\t\t\t<\/div>\n\t\t","protected":false},"excerpt":{"rendered":"Morbi dapibus in mauris a eleifend. Quisque laoreet ex, in maximus diam facilisis.","protected":false},"author":1,"featured_media":7863,"comment_status":"open","ping_status":"open","sticky":false,"template":"","format":"standard","meta":{"footnotes":""},"categories":[6],"tags":[],"class_list":["post-2962","post","type-post","status-publish","format-standard","has-post-thumbnail","hentry","category-social-media"],"_links":{"self":[{"href":"https:\/\/dotcommus.cd\/www\/wp-json\/wp\/v2\/posts\/2962","targetHints":{"allow":["GET"]}}],"collection":[{"href":"https:\/\/dotcommus.cd\/www\/wp-json\/wp\/v2\/posts"}],"about":[{"href":"https:\/\/dotcommus.cd\/www\/wp-json\/wp\/v2\/types\/post"}],"author":[{"embeddable":true,"href":"https:\/\/dotcommus.cd\/www\/wp-json\/wp\/v2\/users\/1"}],"replies":[{"embeddable":true,"href":"https:\/\/dotcommus.cd\/www\/wp-json\/wp\/v2\/comments?post=2962"}],"version-history":[{"count":4,"href":"https:\/\/dotcommus.cd\/www\/wp-json\/wp\/v2\/posts\/2962\/revisions"}],"predecessor-version":[{"id":7868,"href":"https:\/\/dotcommus.cd\/www\/wp-json\/wp\/v2\/posts\/2962\/revisions\/7868"}],"wp:featuredmedia":[{"embeddable":true,"href":"https:\/\/dotcommus.cd\/www\/wp-json\/wp\/v2\/media\/7863"}],"wp:attachment":[{"href":"https:\/\/dotcommus.cd\/www\/wp-json\/wp\/v2\/media?parent=2962"}],"wp:term":[{"taxonomy":"category","embeddable":true,"href":"https:\/\/dotcommus.cd\/www\/wp-json\/wp\/v2\/categories?post=2962"},{"taxonomy":"post_tag","embeddable":true,"href":"https:\/\/dotcommus.cd\/www\/wp-json\/wp\/v2\/tags?post=2962"}],"curies":[{"name":"wp","href":"https:\/\/api.w.org\/{rel}","templated":true}]}}